{"id":7819,"date":"2019-01-30T17:49:06","date_gmt":"2019-01-30T17:49:06","guid":{"rendered":"http:\/\/www.studiodap.fr\/2019\/01\/30\/la-troisieme-salle-de-lopera-de-paris-va-enfin-etre-amenagee\/"},"modified":"2019-01-30T18:05:46","modified_gmt":"2019-01-30T18:05:46","slug":"la-troisieme-salle-de-lopera-de-paris-va-enfin-etre-amenagee","status":"publish","type":"post","link":"http:\/\/www.studiodap.fr\/es\/2019\/01\/30\/la-troisieme-salle-de-lopera-de-paris-va-enfin-etre-amenagee\/","title":{"rendered":"La troisi\u00e8me salle de l&#8217;Op\u00e9ra de Paris va enfin \u00eatre am\u00e9nag\u00e9e"},"content":{"rendered":"[vc_row type=\u00bbin_container\u00bb full_screen_row_position=\u00bbmiddle\u00bb scene_position=\u00bbcenter\u00bb text_color=\u00bbdark\u00bb text_align=\u00bbleft\u00bb overlay_strength=\u00bb0.3&#8243; shape_divider_position=\u00bbbottom\u00bb][vc_column column_padding=\u00bbno-extra-padding\u00bb column_padding_position=\u00bball\u00bb background_color_opacity=\u00bb1&#8243; background_hover_color_opacity=\u00bb1&#8243; column_shadow=\u00bbnone\u00bb column_border_radius=\u00bbnone\u00bb width=\u00bb1\/1&#8243; tablet_text_alignment=\u00bbdefault\u00bb phone_text_alignment=\u00bbdefault\u00bb column_border_width=\u00bbnone\u00bb column_border_style=\u00bbsolid\u00bb][vc_column_text]La salle avait \u00e9t\u00e9 construite il y a trente ans dans le b\u00e2timent de l&#8217;Op\u00e9ra Bastille et \u00e9tait vide depuis. il reviendra au cabinet danois Henning Larsen Architects de lui donner vie. Le co\u00fbt du chantier est \u00e9valu\u00e9 \u00e0 59 millions d&#8217;euros.[\/vc_column_text][\/vc_column][\/vc_row][vc_row type=\u00bbin_container\u00bb full_screen_row_position=\u00bbmiddle\u00bb scene_position=\u00bbcenter\u00bb text_color=\u00bbdark\u00bb text_align=\u00bbleft\u00bb overlay_strength=\u00bb0.3&#8243; shape_divider_position=\u00bbbottom\u00bb][vc_column column_padding=\u00bbno-extra-padding\u00bb column_padding_position=\u00bball\u00bb background_color_opacity=\u00bb1&#8243; background_hover_color_opacity=\u00bb1&#8243; column_shadow=\u00bbnone\u00bb column_border_radius=\u00bbnone\u00bb width=\u00bb1\/1&#8243; tablet_text_alignment=\u00bbdefault\u00bb phone_text_alignment=\u00bbdefault\u00bb column_border_width=\u00bbnone\u00bb column_border_style=\u00bbsolid\u00bb][vc_column_text]<div class=\"_df_book df-container df-loading \" id=\"df_7805\"  wpoptions=\"true\" thumbtype=\"img\" ><\/div><script data-cfasync=\"false\">var option_df_7805 = {\"outline\":[],\"backgroundColor\":\"#FFF\",\"height\":\"800\",\"forceFit\":\"true\",\"autoEnableOutline\":\"false\",\"autoEnableThumbnail\":\"false\",\"overwritePDFOutline\":\"false\",\"direction\":\"1\",\"pageMode\":\"0\",\"source\":\"http:\\\/\\\/www.studiodap.fr\\\/wp-content\\\/uploads\\\/2019\\\/01\\\/190128_article_les_echos.pdf\",\"wpOptions\":\"true\"}; if(window.DFLIP && DFLIP.parseBooks){DFLIP.parseBooks();}<\/script>[\/vc_column_text][\/vc_column][\/vc_row]\n","protected":false},"excerpt":{"rendered":"<p>[vc_row type=\u00bbin_container\u00bb full_screen_row_position=\u00bbmiddle\u00bb scene_position=\u00bbcenter\u00bb text_color=\u00bbdark\u00bb text_align=\u00bbleft\u00bb overlay_strength=\u00bb0.3&#8243; shape_divider_position=\u00bbbottom\u00bb][vc_column column_padding=\u00bbno-extra-padding\u00bb column_padding_position=\u00bball\u00bb background_color_opacity=\u00bb1&#8243; background_hover_color_opacity=\u00bb1&#8243; column_shadow=\u00bbnone\u00bb column_border_radius=\u00bbnone\u00bb width=\u00bb1\/1&#8243; tablet_text_alignment=\u00bbdefault\u00bb phone_text_alignment=\u00bbdefault\u00bb column_border_width=\u00bbnone\u00bb column_border_style=\u00bbsolid\u00bb][vc_column_text]La salle avait \u00e9t\u00e9 construite il y a trente ans dans le&#8230;<\/p>\n","protected":false},"author":2,"featured_media":7803,"comment_status":"closed","ping_status":"closed","sticky":false,"template":"","format":"standard","meta":[],"categories":[194],"tags":[],"_links":{"self":[{"href":"http:\/\/www.studiodap.fr\/es\/wp-json\/wp\/v2\/posts\/7819"}],"collection":[{"href":"http:\/\/www.studiodap.fr\/es\/wp-json\/wp\/v2\/posts"}],"about":[{"href":"http:\/\/www.studiodap.fr\/es\/wp-json\/wp\/v2\/types\/post"}],"author":[{"embeddable":true,"href":"http:\/\/www.studiodap.fr\/es\/wp-json\/wp\/v2\/users\/2"}],"replies":[{"embeddable":true,"href":"http:\/\/www.studiodap.fr\/es\/wp-json\/wp\/v2\/comments?post=7819"}],"version-history":[{"count":1,"href":"http:\/\/www.studiodap.fr\/es\/wp-json\/wp\/v2\/posts\/7819\/revisions"}],"predecessor-version":[{"id":7820,"href":"http:\/\/www.studiodap.fr\/es\/wp-json\/wp\/v2\/posts\/7819\/revisions\/7820"}],"wp:featuredmedia":[{"embeddable":true,"href":"http:\/\/www.studiodap.fr\/es\/wp-json\/wp\/v2\/media\/7803"}],"wp:attachment":[{"href":"http:\/\/www.studiodap.fr\/es\/wp-json\/wp\/v2\/media?parent=7819"}],"wp:term":[{"taxonomy":"category","embeddable":true,"href":"http:\/\/www.studiodap.fr\/es\/wp-json\/wp\/v2\/categories?post=7819"},{"taxonomy":"post_tag","embeddable":true,"href":"http:\/\/www.studiodap.fr\/es\/wp-json\/wp\/v2\/tags?post=7819"}],"curies":[{"name":"wp","href":"https:\/\/api.w.org\/{rel}","templated":true}]}}