{"id":7799,"date":"2019-01-30T17:49:06","date_gmt":"2019-01-30T17:49:06","guid":{"rendered":"http:\/\/www.studiodap.fr\/?p=7799"},"modified":"2019-01-30T18:05:03","modified_gmt":"2019-01-30T18:05:03","slug":"la-troisieme-salle-de-lopera-de-paris-va-enfin-etre-amenagee","status":"publish","type":"post","link":"http:\/\/www.studiodap.fr\/en\/2019\/01\/30\/la-troisieme-salle-de-lopera-de-paris-va-enfin-etre-amenagee\/","title":{"rendered":"La troisi\u00e8me salle de l&#8217;Op\u00e9ra de Paris va enfin \u00eatre am\u00e9nag\u00e9e"},"content":{"rendered":"[vc_row type=&#8221;in_container&#8221; full_screen_row_position=&#8221;middle&#8221; scene_position=&#8221;center&#8221; text_color=&#8221;dark&#8221; text_align=&#8221;left&#8221; overlay_strength=&#8221;0.3&#8243; shape_divider_position=&#8221;bottom&#8221;][vc_column column_padding=&#8221;no-extra-padding&#8221; column_padding_position=&#8221;all&#8221; background_color_opacity=&#8221;1&#8243; background_hover_color_opacity=&#8221;1&#8243; column_shadow=&#8221;none&#8221; column_border_radius=&#8221;none&#8221; width=&#8221;1\/1&#8243; tablet_text_alignment=&#8221;default&#8221; phone_text_alignment=&#8221;default&#8221; column_border_width=&#8221;none&#8221; column_border_style=&#8221;solid&#8221;][vc_column_text]La salle avait \u00e9t\u00e9 construite il y a trente ans dans le b\u00e2timent de l&#8217;Op\u00e9ra Bastille et \u00e9tait vide depuis. il reviendra au cabinet danois Henning Larsen Architects de lui donner vie. Le co\u00fbt du chantier est \u00e9valu\u00e9 \u00e0 59 millions d&#8217;euros.[\/vc_column_text][\/vc_column][\/vc_row][vc_row type=&#8221;in_container&#8221; full_screen_row_position=&#8221;middle&#8221; scene_position=&#8221;center&#8221; text_color=&#8221;dark&#8221; text_align=&#8221;left&#8221; overlay_strength=&#8221;0.3&#8243; shape_divider_position=&#8221;bottom&#8221;][vc_column column_padding=&#8221;no-extra-padding&#8221; column_padding_position=&#8221;all&#8221; background_color_opacity=&#8221;1&#8243; background_hover_color_opacity=&#8221;1&#8243; column_shadow=&#8221;none&#8221; column_border_radius=&#8221;none&#8221; width=&#8221;1\/1&#8243; tablet_text_alignment=&#8221;default&#8221; phone_text_alignment=&#8221;default&#8221; column_border_width=&#8221;none&#8221; column_border_style=&#8221;solid&#8221;][vc_column_text]<div class=\"_df_book df-container df-loading \" id=\"df_7805\"  wpoptions=\"true\" thumbtype=\"img\" ><\/div><script data-cfasync=\"false\">var option_df_7805 = {\"outline\":[],\"backgroundColor\":\"#FFF\",\"height\":\"800\",\"forceFit\":\"true\",\"autoEnableOutline\":\"false\",\"autoEnableThumbnail\":\"false\",\"overwritePDFOutline\":\"false\",\"direction\":\"1\",\"pageMode\":\"0\",\"source\":\"http:\\\/\\\/www.studiodap.fr\\\/wp-content\\\/uploads\\\/2019\\\/01\\\/190128_article_les_echos.pdf\",\"wpOptions\":\"true\"}; if(window.DFLIP && DFLIP.parseBooks){DFLIP.parseBooks();}<\/script>[\/vc_column_text][\/vc_column][\/vc_row]\n","protected":false},"excerpt":{"rendered":"<p>[vc_row type=&#8221;in_container&#8221; full_screen_row_position=&#8221;middle&#8221; scene_position=&#8221;center&#8221; text_color=&#8221;dark&#8221; text_align=&#8221;left&#8221; overlay_strength=&#8221;0.3&#8243; shape_divider_position=&#8221;bottom&#8221;][vc_column column_padding=&#8221;no-extra-padding&#8221; column_padding_position=&#8221;all&#8221; background_color_opacity=&#8221;1&#8243; background_hover_color_opacity=&#8221;1&#8243; column_shadow=&#8221;none&#8221; column_border_radius=&#8221;none&#8221; width=&#8221;1\/1&#8243; tablet_text_alignment=&#8221;default&#8221; phone_text_alignment=&#8221;default&#8221; column_border_width=&#8221;none&#8221; column_border_style=&#8221;solid&#8221;][vc_column_text]La salle avait \u00e9t\u00e9 construite il y a trente ans dans le&#8230;<\/p>\n","protected":false},"author":2,"featured_media":7800,"comment_status":"closed","ping_status":"closed","sticky":false,"template":"","format":"standard","meta":[],"categories":[185],"tags":[],"_links":{"self":[{"href":"http:\/\/www.studiodap.fr\/en\/wp-json\/wp\/v2\/posts\/7799"}],"collection":[{"href":"http:\/\/www.studiodap.fr\/en\/wp-json\/wp\/v2\/posts"}],"about":[{"href":"http:\/\/www.studiodap.fr\/en\/wp-json\/wp\/v2\/types\/post"}],"author":[{"embeddable":true,"href":"http:\/\/www.studiodap.fr\/en\/wp-json\/wp\/v2\/users\/2"}],"replies":[{"embeddable":true,"href":"http:\/\/www.studiodap.fr\/en\/wp-json\/wp\/v2\/comments?post=7799"}],"version-history":[{"count":3,"href":"http:\/\/www.studiodap.fr\/en\/wp-json\/wp\/v2\/posts\/7799\/revisions"}],"predecessor-version":[{"id":7811,"href":"http:\/\/www.studiodap.fr\/en\/wp-json\/wp\/v2\/posts\/7799\/revisions\/7811"}],"wp:featuredmedia":[{"embeddable":true,"href":"http:\/\/www.studiodap.fr\/en\/wp-json\/wp\/v2\/media\/7800"}],"wp:attachment":[{"href":"http:\/\/www.studiodap.fr\/en\/wp-json\/wp\/v2\/media?parent=7799"}],"wp:term":[{"taxonomy":"category","embeddable":true,"href":"http:\/\/www.studiodap.fr\/en\/wp-json\/wp\/v2\/categories?post=7799"},{"taxonomy":"post_tag","embeddable":true,"href":"http:\/\/www.studiodap.fr\/en\/wp-json\/wp\/v2\/tags?post=7799"}],"curies":[{"name":"wp","href":"https:\/\/api.w.org\/{rel}","templated":true}]}}