{"id":7394,"date":"2015-12-28T15:32:38","date_gmt":"2015-12-28T15:32:38","guid":{"rendered":"http:\/\/www.studiodap.fr\/?p=7394"},"modified":"2018-12-28T15:55:06","modified_gmt":"2018-12-28T15:55:06","slug":"olivier-desbordes-directeur-artistique-du-centre-national-de-production-de-theatre-et-theatre-musical","status":"publish","type":"post","link":"http:\/\/www.studiodap.fr\/en\/2015\/12\/28\/olivier-desbordes-directeur-artistique-du-centre-national-de-production-de-theatre-et-theatre-musical\/","title":{"rendered":"Olivier Desbordes -Th\u00e9\u00e2tre de l&#8217;Usine"},"content":{"rendered":"[vc_row type=&#8221;in_container&#8221; full_screen_row_position=&#8221;middle&#8221; scene_position=&#8221;center&#8221; text_color=&#8221;dark&#8221; text_align=&#8221;left&#8221; overlay_strength=&#8221;0.3&#8243; shape_divider_position=&#8221;bottom&#8221;][vc_column column_padding=&#8221;no-extra-padding&#8221; column_padding_position=&#8221;all&#8221; background_color_opacity=&#8221;1&#8243; background_hover_color_opacity=&#8221;1&#8243; column_shadow=&#8221;none&#8221; column_border_radius=&#8221;none&#8221; width=&#8221;1\/1&#8243; tablet_text_alignment=&#8221;default&#8221; phone_text_alignment=&#8221;default&#8221; column_border_width=&#8221;none&#8221; column_border_style=&#8221;solid&#8221;][vc_column_text]Interview with Olivier Desbordes, artistic director of the Centre national de production de th\u00e9\u00e2tre et th\u00e9\u00e2tre musical (CNPTTM).[\/vc_column_text][\/vc_column][\/vc_row][vc_row type=&#8221;in_container&#8221; full_screen_row_position=&#8221;middle&#8221; scene_position=&#8221;center&#8221; text_color=&#8221;dark&#8221; text_align=&#8221;left&#8221; overlay_strength=&#8221;0.3&#8243; shape_divider_position=&#8221;bottom&#8221;][vc_column column_padding=&#8221;no-extra-padding&#8221; column_padding_position=&#8221;all&#8221; background_color_opacity=&#8221;1&#8243; background_hover_color_opacity=&#8221;1&#8243; column_shadow=&#8221;none&#8221; column_border_radius=&#8221;none&#8221; width=&#8221;1\/1&#8243; tablet_text_alignment=&#8221;default&#8221; phone_text_alignment=&#8221;default&#8221; column_border_width=&#8221;none&#8221; column_border_style=&#8221;solid&#8221;][vc_column_text]<div class=\"_df_book df-container df-loading \" id=\"df_7375\"  wpoptions=\"true\" thumbtype=\"img\" ><\/div><script data-cfasync=\"false\">var option_df_7375 = {\"webgl\":\"true\",\"outline\":[],\"backgroundColor\":\"#FFF\",\"height\":\"800\",\"forceFit\":\"true\",\"autoEnableOutline\":\"false\",\"autoEnableThumbnail\":\"false\",\"overwritePDFOutline\":\"false\",\"direction\":\"1\",\"pageMode\":\"0\",\"source\":\"http:\\\/\\\/www.studiodap.fr\\\/wp-content\\\/uploads\\\/2018\\\/12\\\/Article-Olivier-Desbordes.pdf\",\"wpOptions\":\"true\"}; if(window.DFLIP && DFLIP.parseBooks){DFLIP.parseBooks();}<\/script>[\/vc_column_text][\/vc_column][\/vc_row]\n","protected":false},"excerpt":{"rendered":"<p>[vc_row type=&#8221;in_container&#8221; full_screen_row_position=&#8221;middle&#8221; scene_position=&#8221;center&#8221; text_color=&#8221;dark&#8221; text_align=&#8221;left&#8221; overlay_strength=&#8221;0.3&#8243; shape_divider_position=&#8221;bottom&#8221;][vc_column column_padding=&#8221;no-extra-padding&#8221; column_padding_position=&#8221;all&#8221; background_color_opacity=&#8221;1&#8243; background_hover_color_opacity=&#8221;1&#8243; column_shadow=&#8221;none&#8221; column_border_radius=&#8221;none&#8221; width=&#8221;1\/1&#8243; tablet_text_alignment=&#8221;default&#8221; phone_text_alignment=&#8221;default&#8221; column_border_width=&#8221;none&#8221; column_border_style=&#8221;solid&#8221;][vc_column_text]Interview with Olivier Desbordes, artistic director of the Centre national de production&#8230;<\/p>\n","protected":false},"author":2,"featured_media":7395,"comment_status":"closed","ping_status":"closed","sticky":false,"template":"","format":"standard","meta":[],"categories":[185],"tags":[],"_links":{"self":[{"href":"http:\/\/www.studiodap.fr\/en\/wp-json\/wp\/v2\/posts\/7394"}],"collection":[{"href":"http:\/\/www.studiodap.fr\/en\/wp-json\/wp\/v2\/posts"}],"about":[{"href":"http:\/\/www.studiodap.fr\/en\/wp-json\/wp\/v2\/types\/post"}],"author":[{"embeddable":true,"href":"http:\/\/www.studiodap.fr\/en\/wp-json\/wp\/v2\/users\/2"}],"replies":[{"embeddable":true,"href":"http:\/\/www.studiodap.fr\/en\/wp-json\/wp\/v2\/comments?post=7394"}],"version-history":[{"count":3,"href":"http:\/\/www.studiodap.fr\/en\/wp-json\/wp\/v2\/posts\/7394\/revisions"}],"predecessor-version":[{"id":7401,"href":"http:\/\/www.studiodap.fr\/en\/wp-json\/wp\/v2\/posts\/7394\/revisions\/7401"}],"wp:featuredmedia":[{"embeddable":true,"href":"http:\/\/www.studiodap.fr\/en\/wp-json\/wp\/v2\/media\/7395"}],"wp:attachment":[{"href":"http:\/\/www.studiodap.fr\/en\/wp-json\/wp\/v2\/media?parent=7394"}],"wp:term":[{"taxonomy":"category","embeddable":true,"href":"http:\/\/www.studiodap.fr\/en\/wp-json\/wp\/v2\/categories?post=7394"},{"taxonomy":"post_tag","embeddable":true,"href":"http:\/\/www.studiodap.fr\/en\/wp-json\/wp\/v2\/tags?post=7394"}],"curies":[{"name":"wp","href":"https:\/\/api.w.org\/{rel}","templated":true}]}}